{"id":606027,"date":"2020-06-12T07:17:07","date_gmt":"2020-06-12T05:17:07","guid":{"rendered":"https:\/\/www.nieuws.marketing\/strategie_nieuws\/?p=606027"},"modified":"2020-06-11T14:04:44","modified_gmt":"2020-06-11T12:04:44","slug":"coronacreatief-met-je-eigen-gezelschap-naar-een-besloten-filmvoorstelling","status":"publish","type":"post","link":"https:\/\/www.nieuws.marketing\/strategie_nieuws\/coronacreatief-met-je-eigen-gezelschap-naar-een-besloten-filmvoorstelling\/","title":{"rendered":"#CoronaCreatief &#8216;Met je eigen gezelschap naar een besloten filmvoorstelling&#8217;"},"content":{"rendered":"<div>\n<p id=\"BGrTrsd\"><img loading=\"lazy\" decoding=\"async\" width=\"960\" height=\"603\" class=\"size-full wp-image-606028  aligncenter\" src=\"https:\/\/www.nieuws.marketing\/strategie_nieuws\/wp-content\/uploadsnieuwssocial\/2020\/06\/img_5ee0c12807001.png\" alt=\"\" title=\"\" srcset=\"https:\/\/www.nieuws.marketing\/strategie_nieuws\/wp-content\/uploadsnieuwssocial\/2020\/06\/img_5ee0c12807001.png 960w, https:\/\/www.nieuws.marketing\/strategie_nieuws\/wp-content\/uploadsnieuwssocial\/2020\/06\/img_5ee0c12807001-700x440.png 700w, https:\/\/www.nieuws.marketing\/strategie_nieuws\/wp-content\/uploadsnieuwssocial\/2020\/06\/img_5ee0c12807001-250x157.png 250w, https:\/\/www.nieuws.marketing\/strategie_nieuws\/wp-content\/uploadsnieuwssocial\/2020\/06\/img_5ee0c12807001-768x482.png 768w, https:\/\/www.nieuws.marketing\/strategie_nieuws\/wp-content\/uploadsnieuwssocial\/2020\/06\/img_5ee0c12807001-300x188.png 300w, https:\/\/www.nieuws.marketing\/strategie_nieuws\/wp-content\/uploadsnieuwssocial\/2020\/06\/img_5ee0c12807001-520x327.png 520w\" sizes=\"auto, (max-width: 960px) 100vw, 960px\" \/><\/p>\n<\/div>\n<div><\/div>\n<div><strong>Een eigen bioscoopzaal voor alleen jou en jouw vrienden en\/ of familie is mogelijk tijdens de #coronacrisis. Path\u00e9 introduceert 10 juni 2020 Path\u00e9 Priv\u00e9 waarmee bezoekers een gehele zaal kunnen afhuren en samen met hun eigen selecte gezelschap een film naar keuze kunnen bekijken. Een gezellig, exclusief \u00e9n veilig moment samen met iedereen die je dierbaar is. \u00a0<\/strong><\/div>\n<div><\/div>\n<div>Doron Kurz, Commercieel Directeur, zegt:<\/div>\n<blockquote>\n<div>Vanuit onze evenementen tak verhuurt al jaren priv\u00e9-zalen aan bedrijven. Steeds vaker kregen wij het verzoek of dit ook mogelijk is voor particulieren. In deze periode is de behoefte om met een eigen priv\u00e9 gezelschap naar de film te gaan nog groter geworden. Doordat we nu te maken hebben met de 1,5 meter maatregelen in onze bioscopen en daardoor een beperkte capaciteit hebben, is het nu ook bereikbaar geworden voor onze particuliere bezoekers. Onze bezoekers weten ons overigens al sinds 1 juni alweer in grote getale te vinden. In de bioscoop een film kijken is de ultieme beleving en dit kan nu ook exclusief samen met je vrienden of familie.<\/div>\n<\/blockquote>\n<div><\/div>\n<div><em>Uiteraard wordt tijdens de voorstellingen alle<a href=\"http:\/\/link.pressmailings.com\/ls\/click?upn=kW5em91c2q35A4CG3NhygIJgEvGFNsKPMC-2FCzL5YJg0acU5DP19kve6CDTfhjm-2F0X8RLAD-2BgO0QseMuNTWNEIm-2Bk5kOZrpy3xF7EBtRNCfFFMpsFsqbRj8a-2FjmXKkRSPt2ZKmKfjjOXN-2BsWo2cCXKX0zx4DgFd3ub3Ms7izGwhs-3DzcEA_L1Ns99IPi-2FERfPRUrN8ORKMUS1sUKBT9ZO-2BTS9N1QiT-2FD93panCjdvVN8oQVvcTOZkOTmVlLymevjHtqi34t-2BUVPn9BRuXoypZOJcpYa8zBaCWF8FZlz81t-2BTGAm-2BVHX1-2FyNZ7iN2ybj16KaUOY9I7jRnwAn7Trc65ywMBV5LsXI2Z2fHQhIrp79Y1v1cEKWSZYznUnE-2B4U2-2FcBKlZqEFFlrkK9OG2Qe7oNqXRrip1gB08-2Bi29uYnlI0l7sicaUJB-2FN4DhzCKja-2Fr6Cbkb0XW5brrLey2CNydqE74N5GUbaAv99clw1oi5MoXP46KCmJ767-2Fi6fd73mGvBYNtPD6HaHm-2BQHDsC5QYiVGWiOkHdSAHe-2B3ZbmrMQrYLXpvUdtN-2BronfRK0r-2BQktQH7dP9qOw-3D-3D\" target=\"_blank\" rel=\"noopener noreferrer\" data-saferedirecturl=\"https:\/\/www.google.com\/url?q=http:\/\/link.pressmailings.com\/ls\/click?upn%3DkW5em91c2q35A4CG3NhygIJgEvGFNsKPMC-2FCzL5YJg0acU5DP19kve6CDTfhjm-2F0X8RLAD-2BgO0QseMuNTWNEIm-2Bk5kOZrpy3xF7EBtRNCfFFMpsFsqbRj8a-2FjmXKkRSPt2ZKmKfjjOXN-2BsWo2cCXKX0zx4DgFd3ub3Ms7izGwhs-3DzcEA_L1Ns99IPi-2FERfPRUrN8ORKMUS1sUKBT9ZO-2BTS9N1QiT-2FD93panCjdvVN8oQVvcTOZkOTmVlLymevjHtqi34t-2BUVPn9BRuXoypZOJcpYa8zBaCWF8FZlz81t-2BTGAm-2BVHX1-2FyNZ7iN2ybj16KaUOY9I7jRnwAn7Trc65ywMBV5LsXI2Z2fHQhIrp79Y1v1cEKWSZYznUnE-2B4U2-2FcBKlZqEFFlrkK9OG2Qe7oNqXRrip1gB08-2Bi29uYnlI0l7sicaUJB-2FN4DhzCKja-2Fr6Cbkb0XW5brrLey2CNydqE74N5GUbaAv99clw1oi5MoXP46KCmJ767-2Fi6fd73mGvBYNtPD6HaHm-2BQHDsC5QYiVGWiOkHdSAHe-2B3ZbmrMQrYLXpvUdtN-2BronfRK0r-2BQktQH7dP9qOw-3D-3D&amp;source=gmail&amp;ust=1591873822616000&amp;usg=AFQjCNEqmtxvsKDr92AyQOZ1Alm_9R2ekQ\">\u00a01,5 meter maatregelen<\/a> gewaarborgd en mogelijk vanaf 19 euro per persoon (uitgaande van een reguliere 2D-film) waarbij de maximum capaciteit per bioscoopzaal voor een Path\u00e9 Priv\u00e9 voorstelling moet worden afgenomen. Het arrangement is inclusief een frisdrank en popcorn. De maximum capaciteit is afhankelijk per zaal. De zalen hebben tot 1 juli een maximum capaciteit tot 30 personen en vanaf 1 juli een maximum capaciteit tot 100 personen. Bezoekers kiezen zelf hun film uit de topfilms die op dat moment in de bioscopen draaien.<\/em><\/div>\n","protected":false},"excerpt":{"rendered":"<p>&#46;&#46;&#46;<\/p>\n","protected":false},"author":25,"featured_media":606028,"comment_status":"open","ping_status":"closed","sticky":false,"template":"","format":"standard","meta":{"footnotes":""},"categories":[2877],"tags":[],"class_list":["post-606027","post","type-post","status-publish","format-standard","has-post-thumbnail","hentry","category-opvallend-2"],"_links":{"self":[{"href":"https:\/\/www.nieuws.marketing\/strategie_nieuws\/wp-json\/wp\/v2\/posts\/606027","targetHints":{"allow":["GET"]}}],"collection":[{"href":"https:\/\/www.nieuws.marketing\/strategie_nieuws\/wp-json\/wp\/v2\/posts"}],"about":[{"href":"https:\/\/www.nieuws.marketing\/strategie_nieuws\/wp-json\/wp\/v2\/types\/post"}],"author":[{"embeddable":true,"href":"https:\/\/www.nieuws.marketing\/strategie_nieuws\/wp-json\/wp\/v2\/users\/25"}],"replies":[{"embeddable":true,"href":"https:\/\/www.nieuws.marketing\/strategie_nieuws\/wp-json\/wp\/v2\/comments?post=606027"}],"version-history":[{"count":0,"href":"https:\/\/www.nieuws.marketing\/strategie_nieuws\/wp-json\/wp\/v2\/posts\/606027\/revisions"}],"wp:featuredmedia":[{"embeddable":true,"href":"https:\/\/www.nieuws.marketing\/strategie_nieuws\/wp-json\/wp\/v2\/media\/606028"}],"wp:attachment":[{"href":"https:\/\/www.nieuws.marketing\/strategie_nieuws\/wp-json\/wp\/v2\/media?parent=606027"}],"wp:term":[{"taxonomy":"category","embeddable":true,"href":"https:\/\/www.nieuws.marketing\/strategie_nieuws\/wp-json\/wp\/v2\/categories?post=606027"},{"taxonomy":"post_tag","embeddable":true,"href":"https:\/\/www.nieuws.marketing\/strategie_nieuws\/wp-json\/wp\/v2\/tags?post=606027"}],"curies":[{"name":"wp","href":"https:\/\/api.w.org\/{rel}","templated":true}]}}