{"id":479440,"date":"2017-11-11T07:07:41","date_gmt":"2017-11-11T06:07:41","guid":{"rendered":"http:\/\/www.nieuws.marketing\/strategie_nieuws\/?p=479440"},"modified":"2017-11-14T11:13:47","modified_gmt":"2017-11-14T10:13:47","slug":"contentmarketing-platform-taalvoutjes-komt-16-december-met-eerste-event","status":"publish","type":"post","link":"https:\/\/www.nieuws.marketing\/strategie_nieuws\/contentmarketing-platform-taalvoutjes-komt-16-december-met-eerste-event\/","title":{"rendered":"[Contentmarketing] Platform Taalvoutjes organiseert 16 december eerste event"},"content":{"rendered":"<p>&nbsp;<\/p>\n<p><img loading=\"lazy\" decoding=\"async\" class=\"size-full wp-image-479441 aligncenter\" src=\"http:\/\/www.nieuws.marketing\/strategie_nieuws\/wp-content\/uploadsnieuwssocial\/2017\/11\/TaalvoutjesDictee.jpg\" alt=\"\" width=\"540\" height=\"372\" title=\"\" srcset=\"https:\/\/www.nieuws.marketing\/strategie_nieuws\/wp-content\/uploadsnieuwssocial\/2017\/11\/TaalvoutjesDictee.jpg 540w, https:\/\/www.nieuws.marketing\/strategie_nieuws\/wp-content\/uploadsnieuwssocial\/2017\/11\/TaalvoutjesDictee-300x207.jpg 300w, https:\/\/www.nieuws.marketing\/strategie_nieuws\/wp-content\/uploadsnieuwssocial\/2017\/11\/TaalvoutjesDictee-520x358.jpg 520w, https:\/\/www.nieuws.marketing\/strategie_nieuws\/wp-content\/uploadsnieuwssocial\/2017\/11\/TaalvoutjesDictee-250x172.jpg 250w\" sizes=\"auto, (max-width: 540px) 100vw, 540px\" \/><\/p>\n<p>Nu Het Groot Dictee afgelopen jaar haar laatste editie heeft beleefd, zijn veel taalliefhebbers in een groot gat gevallen. De redactie van taalplatform Taalvoutjes wist het zeker: er moest\u00a0co\u00fbte que co\u00fbte een magnifieke rempla\u00e7ant voor Het Groot Dictee komen. Een decembermaand zonder dictee is redoutabel. Het idee alleen al&#8230;\u00a0ronduit abominabel.<\/p>\n<div class=\"video-container\"><iframe loading=\"lazy\" title=\"Taalvoutjes-het dictee\" width=\"500\" height=\"281\" src=\"https:\/\/www.youtube.com\/embed\/QKPLQjlc9A8?feature=oembed&#038;wmode=opaque\" frameborder=\"0\" allow=\"accelerometer; autoplay; clipboard-write; encrypted-media; gyroscope; picture-in-picture; web-share\" referrerpolicy=\"strict-origin-when-cross-origin\" allowfullscreen><\/iframe><\/div>\n<h2>Taalvoutjes dictee<\/h2>\n<p>Taalliefhebbers kunnen daarom hun hart ophalen op zaterdagavond 16 december: dan organiseert Taalvoutjes de eerste editie van Taalvoutjes\u2013het dictee op een informele, humoristische manier. Zonder galopperende przewalskipaarden, ginnegappende penseelstaartbuidelmuizen en andere onmogelijke dicteewoorden.<\/p>\n<h2>Aula te Amsterdam<\/h2>\n<p>Taalvoutjes-het dictee\u00a0vindt\u00a0plaats\u00a0in de aula van het Vossius Gymnasium in Amsterdam, waar plek is voor honderd taalvanaten. Wouter van Wingerden, spellingexpert en auteur van onder andere het boek Maar zo heb ik het geleerd!, schrijft het dictee. Wie de tekst van Van Wingerden met het minste aantal fouten\u00a0weet op te schrijven, gaat naar huis met de nieuwste editie van de Dikke Van Dale.<\/p>\n<ul>\n<li>Datum: 16 december 2017<\/li>\n<li>Aanvang: 20.00 uur (om 19.30 uur gaan de deuren open)<\/li>\n<li>Locatie: Vossius Gymnasium, Messchaertstraat 1 te Amsterdam<\/li>\n<li>Toegangsprijs: 15 euro<\/li>\n<li>Schrijver:\u00a0<strong><a href=\"https:\/\/taalvoutjes.us5.list-manage.com\/track\/click?u=9fd17706b42759e9dbde135c9&amp;id=b199ece323&amp;e=89b3d781e3\" target=\"_blank\" rel=\"noopener\">Wouter van Wingerden<\/a><\/strong><\/li>\n<li>#tvd17<\/li>\n<\/ul>\n<p>Kaarten voor het dictee zijn te koop via\u00a0<strong><a href=\"http:\/\/www.chipta.com\/nl\/taalvoutjeshetdictee2017\/9626\/selectticket\" target=\"_blank\" rel=\"noopener\">www.chipta.com\/nl\/taalvoutjeshetdictee2017<\/a><\/strong>.<\/p>\n","protected":false},"excerpt":{"rendered":"<p>&#46;&#46;&#46;<\/p>\n","protected":false},"author":25,"featured_media":479441,"comment_status":"open","ping_status":"closed","sticky":false,"template":"","format":"standard","meta":{"footnotes":""},"categories":[6447],"tags":[],"class_list":["post-479440","post","type-post","status-publish","format-standard","has-post-thumbnail","hentry","category-plus-online-digital-marketing-nieuws-trends"],"_links":{"self":[{"href":"https:\/\/www.nieuws.marketing\/strategie_nieuws\/wp-json\/wp\/v2\/posts\/479440","targetHints":{"allow":["GET"]}}],"collection":[{"href":"https:\/\/www.nieuws.marketing\/strategie_nieuws\/wp-json\/wp\/v2\/posts"}],"about":[{"href":"https:\/\/www.nieuws.marketing\/strategie_nieuws\/wp-json\/wp\/v2\/types\/post"}],"author":[{"embeddable":true,"href":"https:\/\/www.nieuws.marketing\/strategie_nieuws\/wp-json\/wp\/v2\/users\/25"}],"replies":[{"embeddable":true,"href":"https:\/\/www.nieuws.marketing\/strategie_nieuws\/wp-json\/wp\/v2\/comments?post=479440"}],"version-history":[{"count":0,"href":"https:\/\/www.nieuws.marketing\/strategie_nieuws\/wp-json\/wp\/v2\/posts\/479440\/revisions"}],"wp:featuredmedia":[{"embeddable":true,"href":"https:\/\/www.nieuws.marketing\/strategie_nieuws\/wp-json\/wp\/v2\/media\/479441"}],"wp:attachment":[{"href":"https:\/\/www.nieuws.marketing\/strategie_nieuws\/wp-json\/wp\/v2\/media?parent=479440"}],"wp:term":[{"taxonomy":"category","embeddable":true,"href":"https:\/\/www.nieuws.marketing\/strategie_nieuws\/wp-json\/wp\/v2\/categories?post=479440"},{"taxonomy":"post_tag","embeddable":true,"href":"https:\/\/www.nieuws.marketing\/strategie_nieuws\/wp-json\/wp\/v2\/tags?post=479440"}],"curies":[{"name":"wp","href":"https:\/\/api.w.org\/{rel}","templated":true}]}}