{"id":40654,"date":"2012-07-12T09:09:13","date_gmt":"2012-07-12T07:09:13","guid":{"rendered":"http:\/\/www.socialmediasocialmedia.nl\/strategie\/nieuws\/tools\/events\/workshops\/training\/hr\/media\/?p=40654"},"modified":"2012-07-11T18:35:02","modified_gmt":"2012-07-11T16:35:02","slug":"tedxdelft-wordt-gehost-door-aldith-hunkar","status":"publish","type":"post","link":"https:\/\/www.nieuws.marketing\/strategie_nieuws\/tedxdelft-wordt-gehost-door-aldith-hunkar\/","title":{"rendered":"TEDxDelft 2012 wordt gehost door Aldith Hunkar"},"content":{"rendered":"<p><a href=\"http:\/\/www.socialmediasocialmedia.nl\/strategie\/nieuws\/tools\/events\/workshops\/training\/hr\/media\/2012\/07\/11\/tedxdelft-wordt-gehost-door-aldith-hunkar\/imagescanb5jjo\/\" rel=\"attachment wp-att-40665 noopener\" target=\"_blank\"><img loading=\"lazy\" decoding=\"async\" class=\"alignleft  wp-image-40665\" title=\"imagesCANB5JJO\" src=\"http:\/\/www.socialmediasocialmedia.nl\/strategie\/nieuws\/tools\/events\/workshops\/training\/hr\/media\/wp-content\/uploadsnieuwssocial\/2012\/07\/imagesCANB5JJO.jpg\" alt=\"\" width=\"465\" height=\"250\"><\/a><\/p>\n<p>Juni 2012\u00a0kondigde ik -namens TEDxDelft- de komst van de <a title=\"TEDxDelft 2012: Never grow up op 5 oktober 2012\" href=\"http:\/\/www.socialmediasocialmedia.nl\/strategie\/nieuws\/tools\/events\/workshops\/training\/hr\/media\/2012\/06\/26\/tedxdelft-2012-never-grow-up\/\" target=\"_blank\" rel=\"noopener\">tweede editie van TEDxDelft <\/a>al aan. Op 5 oktober 2012 \u00a0zal dit evenement weer plaatsvinden, dit jaar met het thema &#8220;Never Grow Up&#8221;. Ondertussen kunnen we onze host aankondigen. Aldith Hunkar zal onze performer tussen de performers zijn. <!--more--><\/p>\n<p>Aldith is freestyle multimedia journaliste met meer dan 25 jaar ervaring in de Nederlandse mediawereld. Ze is een kind van vele culturen en is mede daarom de perfecte match voor een stad als Delft, met haar grote internationale community. Vanwege haar vaders baan is Aldith opgegroeid in Suriname, Maleisi\u00eb, Brazili\u00eb en Tunesi\u00eb. Tegenwoordig woont ze parttime in Nederland, parttime in Jamaica en is de invloed van het carabisch gebied merkbaar aanwezig in haar manier van spreken.<\/p>\n<p><strong>Radiopresentator<\/strong><\/p>\n<p>Na haar carriere als radiopresentator -waar haar scherpe manier van vragenstellen niet onopgemerkt bleef- maakte ze een overstap naar televisie waar ze zes jaar lang presentatrice was van het jeugdjournaal. Even later maakte zij de overstap naar het reguliere nieuws. Tegenwoordig heeft ze haar eigen bedrijf genaamd\u00a0Hunk-arT en werkt ze als host, presentatatrice, moderator en media-coach.<\/p>\n<p><strong>Expressieve vrouw<\/strong><\/p>\n<p>Aldith is een veelzijdige vrouw.\u00a0De expressie en het enthousiasme knalt van haar af en ze boeit door met haar hele lichaam en ziel verhalen te vertellen. Ze grijpt jouw oprechte aandacht en geeft die niet meer af. Haar jarenlange ervaring in het presenteren voor kinderen maakt haar een expert op het gebied van duidelijk en direct communiceren.<\/p>\n<p><strong>Video TEDxDelft 2012<\/strong><\/p>\n<p>Ben jij klaar voor de experience van TEDxDelft en daarbij\u00a0Aldith TEDxDelft te zien hosten? We hopen je te zien op <a href=\"http:\/\/www.tedxdelft.nl\" target=\"_blank\" rel=\"noopener\">5 oktober 2012\u00a0in Delft<\/a>.<\/p>\n<p>[youtube]http:\/\/www.youtube.com\/watch?v=YXzqjiSAYZ8[\/youtube]<\/p>\n<p><em>Houd\u00a0www.socialmedia.nl in de gaten, alle volgende sprekers\/performers zullen hier worden aangekondigd.<\/em><\/p>\n","protected":false},"excerpt":{"rendered":"<p>&#46;&#46;&#46;<\/p>\n","protected":false},"author":6,"featured_media":40665,"comment_status":"open","ping_status":"closed","sticky":false,"template":"","format":"standard","meta":{"footnotes":""},"categories":[5669,1],"tags":[3332,909],"class_list":["post-40654","post","type-post","status-publish","format-standard","has-post-thumbnail","hentry","category-eventsnetwerken","category-algemeen-nieuws","tag-presentator","tag-tedxdelft"],"_links":{"self":[{"href":"https:\/\/www.nieuws.marketing\/strategie_nieuws\/wp-json\/wp\/v2\/posts\/40654","targetHints":{"allow":["GET"]}}],"collection":[{"href":"https:\/\/www.nieuws.marketing\/strategie_nieuws\/wp-json\/wp\/v2\/posts"}],"about":[{"href":"https:\/\/www.nieuws.marketing\/strategie_nieuws\/wp-json\/wp\/v2\/types\/post"}],"author":[{"embeddable":true,"href":"https:\/\/www.nieuws.marketing\/strategie_nieuws\/wp-json\/wp\/v2\/users\/6"}],"replies":[{"embeddable":true,"href":"https:\/\/www.nieuws.marketing\/strategie_nieuws\/wp-json\/wp\/v2\/comments?post=40654"}],"version-history":[{"count":0,"href":"https:\/\/www.nieuws.marketing\/strategie_nieuws\/wp-json\/wp\/v2\/posts\/40654\/revisions"}],"wp:featuredmedia":[{"embeddable":true,"href":"https:\/\/www.nieuws.marketing\/strategie_nieuws\/wp-json\/wp\/v2\/media\/40665"}],"wp:attachment":[{"href":"https:\/\/www.nieuws.marketing\/strategie_nieuws\/wp-json\/wp\/v2\/media?parent=40654"}],"wp:term":[{"taxonomy":"category","embeddable":true,"href":"https:\/\/www.nieuws.marketing\/strategie_nieuws\/wp-json\/wp\/v2\/categories?post=40654"},{"taxonomy":"post_tag","embeddable":true,"href":"https:\/\/www.nieuws.marketing\/strategie_nieuws\/wp-json\/wp\/v2\/tags?post=40654"}],"curies":[{"name":"wp","href":"https:\/\/api.w.org\/{rel}","templated":true}]}}