{"id":250800,"date":"2015-02-13T06:07:11","date_gmt":"2015-02-13T05:07:11","guid":{"rendered":"http:\/\/www.socialmediasocialmedia.nl\/strategie_nieuws\/?p=250800"},"modified":"2015-02-12T15:09:04","modified_gmt":"2015-02-12T14:09:04","slug":"vacature-communicatie-marketing-strateegprojectleider-te-den-haag","status":"publish","type":"post","link":"https:\/\/www.nieuws.marketing\/strategie_nieuws\/vacature-communicatie-marketing-strateegprojectleider-te-den-haag\/","title":{"rendered":"[Vacature] Communicatie- marketing strateeg\/projectleider te Den Haag"},"content":{"rendered":"<p><em><a href=\"http:\/\/www.socialmediasocialmedia.nl\/strategie_nieuws\/vacature-online-marketeer-40-uur-te-etten-leur\/vacaturesm-520x2452-1\/\" rel=\"attachment wp-att-244945 noopener\" target=\"_blank\"><img loading=\"lazy\" decoding=\"async\" class=\"alignnone size-full wp-image-244945\" src=\"http:\/\/www.socialmediasocialmedia.nl\/strategie_nieuws\/wp-content\/uploadsnieuwssocial\/2015\/01\/vacaturesm-520x2452-1.jpg\" alt=\"vacaturesm-520x2452 (1)\" width=\"520\" height=\"245\" title=\"\" srcset=\"https:\/\/www.nieuws.marketing\/strategie_nieuws\/wp-content\/uploadsnieuwssocial\/2015\/01\/vacaturesm-520x2452-1.jpg 520w, https:\/\/www.nieuws.marketing\/strategie_nieuws\/wp-content\/uploadsnieuwssocial\/2015\/01\/vacaturesm-520x2452-1-300x141.jpg 300w, https:\/\/www.nieuws.marketing\/strategie_nieuws\/wp-content\/uploadsnieuwssocial\/2015\/01\/vacaturesm-520x2452-1-250x118.jpg 250w, https:\/\/www.nieuws.marketing\/strategie_nieuws\/wp-content\/uploadsnieuwssocial\/2015\/01\/vacaturesm-520x2452-1-720x340.jpg 720w\" sizes=\"auto, (max-width: 520px) 100vw, 520px\" \/><\/a><\/em><\/p>\n<p><em>Voor \u00e9\u00e9n van onze eindklanten zijn wij op zoek naar een Communicatie- Marketing Strateeg\/Projectleider.<\/em><\/p>\n<p><em><strong>Gewenste profiel:<\/strong><\/em><br \/>\n<em>Communicatie- marketing strateeg\/projectleider Communicatie Vernieuwing heeft bewezen ervaring in het vertalen van organisatiestrategie\u00ebn naar passende merkstrategie\u00ebn en de doorvertaling daarvan naar communicatie en marketingaanpakken. Heeft zeer ruime ervaring met zowel overheid \u00e8n de markt. Ervaring met het organiseren en orkestreren van&#8230; <a href=\"http:\/\/www.pooq.nl\/opdracht\/36577\/communicatie-marketing-strateegprojectleider\/?utm_source=twitterfeed&amp;utm_medium=twitter\" target=\"_blank\" rel=\"noopener\"><span style=\"text-decoration: underline;\">lees verder<\/span><\/a><\/em><\/p>\n","protected":false},"excerpt":{"rendered":"<p>&#46;&#46;&#46;<\/p>\n","protected":false},"author":134,"featured_media":0,"comment_status":"open","ping_status":"closed","sticky":false,"template":"","format":"standard","meta":{"footnotes":""},"categories":[1],"tags":[799],"class_list":["post-250800","post","type-post","status-publish","format-standard","hentry","category-algemeen-nieuws","tag-vacature"],"_links":{"self":[{"href":"https:\/\/www.nieuws.marketing\/strategie_nieuws\/wp-json\/wp\/v2\/posts\/250800","targetHints":{"allow":["GET"]}}],"collection":[{"href":"https:\/\/www.nieuws.marketing\/strategie_nieuws\/wp-json\/wp\/v2\/posts"}],"about":[{"href":"https:\/\/www.nieuws.marketing\/strategie_nieuws\/wp-json\/wp\/v2\/types\/post"}],"author":[{"embeddable":true,"href":"https:\/\/www.nieuws.marketing\/strategie_nieuws\/wp-json\/wp\/v2\/users\/134"}],"replies":[{"embeddable":true,"href":"https:\/\/www.nieuws.marketing\/strategie_nieuws\/wp-json\/wp\/v2\/comments?post=250800"}],"version-history":[{"count":0,"href":"https:\/\/www.nieuws.marketing\/strategie_nieuws\/wp-json\/wp\/v2\/posts\/250800\/revisions"}],"wp:attachment":[{"href":"https:\/\/www.nieuws.marketing\/strategie_nieuws\/wp-json\/wp\/v2\/media?parent=250800"}],"wp:term":[{"taxonomy":"category","embeddable":true,"href":"https:\/\/www.nieuws.marketing\/strategie_nieuws\/wp-json\/wp\/v2\/categories?post=250800"},{"taxonomy":"post_tag","embeddable":true,"href":"https:\/\/www.nieuws.marketing\/strategie_nieuws\/wp-json\/wp\/v2\/tags?post=250800"}],"curies":[{"name":"wp","href":"https:\/\/api.w.org\/{rel}","templated":true}]}}