{"id":119579,"date":"2013-05-31T04:56:59","date_gmt":"2013-05-31T02:56:59","guid":{"rendered":"http:\/\/www.socialmediasocialmedia.nl\/strategie\/nieuws\/tools\/events\/workshops\/training\/hr\/media\/?p=119579"},"modified":"2013-05-30T18:58:33","modified_gmt":"2013-05-30T16:58:33","slug":"vacature-directeur-marketing-en-communicatie","status":"publish","type":"post","link":"https:\/\/www.nieuws.marketing\/strategie_nieuws\/vacature-directeur-marketing-en-communicatie\/","title":{"rendered":"#vacature directeur marketing en communicatie"},"content":{"rendered":"<p><em>De provincie Antwerpen is voortdurend op zoek naar enthousiaste en competente medewerkers. Hun kwaliteiten zijn belangrijker dan leeftijd, geslacht, etnische afkomst of handicap. \u00a0<\/em><em>Momenteel organiseert de provincie Antwerpen een selectieprocedure bij bevordering\/aanwerving voor de functie van Directeur marketing en communicatie binnen het Departement Mens, Communicatie en Organisatie, Desguinlei 100, 2018 Antwerpen. De functie wordt bij mandaat begeven. Er wordt een arbeidsovereenkomst van onbepaalde duur aangeboden. De interne statutaire laureaat behoudt evenwel zijn\/haar statutair dienstverband.\u00a0<!--more--><\/em><br \/>\n<em>Een vergelijkende selectieprocedure wordt afgenomen met samenstelling van een wervingsreserve die gedurende drie jaar geldig blijft na het afsluiten van het proces-verbaal. Uit deze wervingsreserve zal tevens geput worden voor eventuele toekomstige vacatures in statutair of contractueel verband.<\/em><\/p>\n<h2><em>Situering<\/em><\/h2>\n<p><em>De Communicatiedienst maakt deel uit van het departement Mens, Communicatie en Organisatie en biedt als ondersteunende dienst een volledige communicatieservice in al zijn aspecten aan interne klanten. Daarnaast is de dienst verantwoordelijk voor de externe beleidscommunicatie, staat hij in voor de interne communicatie binnen het bestuur en vervult hij de rol van adviseur en begeleider van de corporate identity. Een degelijke externe en interne communicatie veronderstelt een systematische infoverstrekking over de producten en diensten van de provincie aan de diverse doelgroepen via een doordachte, coherente en hedendaagse mix van analoge, digitale en audiovisuele communicatiemedia. Een stevige branding en positionering van de provincie is hierin een conditio sine qua non, wat zich vertaalt in een appellerende profilering en visuele identiteit.<\/em><\/p>\n<p><em>22 medewerkers in de Communicatiedienst geven dagelijks het beste van zichzelf om deze taken zo kwaliteitsvol en klantgericht mogelijk uit te voeren. Zij zijn verdeeld in verschillende teams, die telkens een specifiek vakdomein voor hun rekening nemen: stafteam, webteam, persteam, grafisch team, team interne communicatie en marketing team. Als diensthoofd geef je zelf leiding aan de teamverantwoordelijken en de medewerkers van het stafteam (in totaal 9 collega\u2019s). Daarnaast ben je verantwoordelijk voor de aansturing en de opvolging van 10 decentrale communicatiemedewerkers, die vanuit de diverse provinciale departementen co\u00f6rdinerende communicatietaken vervullen.<\/em><\/p>\n<h2><em>Taakomschrijving<\/em><\/h2>\n<p><em>1. Beleidsmanagement<\/em><br \/>\n<em>\u2022 Detecteren, cre\u00ebren en aansturen van interne en\/of externe samenwerkingsverbanden om de noden en behoeften te bepalen en de doelstellingen te realiseren.<\/em><br \/>\n<em>\u2022 Uitvoeren van de nodige benchmarking om een actueel zicht te behouden en trends te detecteren.<\/em><br \/>\n<em>\u2022 Ontwikkelen van een beleid en toekomstvisie voor de eigen dienst.<\/em><br \/>\n<em>\u2022 Aftoetsen van de haalbaarheid van de toekomstvisie met andere (interne en\/of externe) spelers op de markt.<\/em><br \/>\n<em>\u2022 Adviseren aan het departementshoofd en gedeputeerde inzake de specifieke materie, de organisatiestructuur en processen.<\/em><br \/>\n<em>\u2022 Bijstand verlenen in de raadscommissie.<\/em><br \/>\n<em>\u2022 Bijdragen tot de opmaak van het meerjarenplan.<\/em><br \/>\n<em>\u2022 Evalueren en bijsturen van het meerjarenplan.<\/em><br \/>\n<em>\u2022 Aanleveren van idee\u00ebn aan de ondersteunende departementen vanuit de specifieke materie.\u00a0<\/em><br \/>\n<em>Opstellen van de operationele doelstellingen van de dienst.<\/em><br \/>\n<em>\u2022 Uitbouwen van een intern en extern communicatiebeleid.<\/em><br \/>\n<em>\u2022 Ontwikkelen en implementeren van een effici\u00ebnte dienststructuur, procedures en processen opdat de operationele doelstellingen en recurrente taken zo effici\u00ebnt en kwaliteitsvol mogelijk uitgevoerd worden, waarbij een effici\u00ebnte dienstverlening, interne communicatie en de algemene veiligheid gegarandeerd worden.<\/em><br \/>\n<em>\u2022 Evalueren en bijsturen van de interne processen en procedures.<\/em><br \/>\n<em>\u2022 Zetten van de noodzakelijke stappen opdat de interne procedures, richtlijnen en codes, enz. correct uitgevoerd en gerespecteerd worden.<\/em><br \/>\n<em>\u2022 Inhoudelijk en eventueel organisatorisch ondersteunen bij organisatiebrede projecten.<\/em><br \/>\n<em>\u2022 Opvolgen van het milieumanagementsysteem<\/em><br \/>\n<em>\u2022 Behandelen van de complexe dossiers.<\/em><br \/>\n<em>\u2022 Opmaken, evalueren en bijsturen van het jaarprogramma\/plan.<\/em><br \/>\n<em>\u2022 Instaan voor de co\u00f6rdinatie van de provinciale productencatalogus.<\/em><\/p>\n<p><em>2. Financieel management<\/em><br \/>\n<em>\u2022 Aanleveren van de input voor de opmaak van de financi\u00eble nota van het meerjarenplan.<\/em><br \/>\n<em>\u2022 Rapporteren en evalueren over het financieel management van de dienst.<\/em><br \/>\n<em>\u2022 Opmaken van de jaarlijkse financi\u00eble nota (ipv budget) voor de dienst.<\/em><br \/>\n<em>\u2022 Opvolgen van de financi\u00eble cyclus (ipv budgettaire cyclus).<\/em><\/p>\n<p><em>3. Marketing management<\/em><br \/>\n<em>\u2022 Ontwikkelen van een doordacht profileringsbeleid voor een sterke marktpositie.<\/em><br \/>\n<em>\u2022 Begeleiden van de organisatie in de uitbouw van een dynamisch marketingbeleid.<\/em><br \/>\n<em>\u2022 Opvolgen, evalueren en bijsturen van het marketingproces.<\/em><br \/>\n<em>\u2022 Opvolgen en bewaken van de provinciale merkarchitectuur.<\/em><br \/>\n<em>\u2022 Continu aftoetsen van het provinciale productenaanbod aan het overkoepelende marketingbeleid.<\/em><\/p>\n<p><em>4. Personeelsmanagement:<\/em><br \/>\n<em>\u2022 Opmaken van het personeelsbehoefteplan in lijn met de beleidsdoelstellingen.<\/em><br \/>\n<em>\u2022 Doorvoeren van het globaal HRM-beleid, afgestemd op de noden van de dienst.<\/em><br \/>\n<em>\u2022 Opvolgen en instaan voor een correcte afhandeling van de verschillende HR-processen (functioneren en evalueren, werving,\u2026) in de eigen dienst.<\/em><br \/>\n<em>\u2022 Opvolgen en instaan voor een correcte afhandeling van het evaluatie-proces (rolevaluatie) voor de decentrale communicatiemedewerkers (de zogenaamde \u2018Florismedewerkers\u2019).<\/em><\/p>\n<p><em>5. Logistiek management<\/em><br \/>\n<em>\u2022 Bepalen van de logistieke ondersteuning in overleg met het Departement Logistiek\u00a0<\/em><br \/>\n<em>\u2022 Overleggen met logistieke diensten ivm de prioriteitenbepaling en planning voor de uitvoering logistieke taken.<\/em><br \/>\n<em>\u2022 Opvolgen en realiseren van het logistiek plan.<\/em><\/p>\n<p><em>6. Juridisch management\u00a0<\/em><br \/>\n<em>\u2022 Toezien op de naleving van de wetgeving.<\/em><br \/>\n<em>\u2022 Toezien op de opmaak van contracten en gebruiksovereenkomsten en deze bij<\/em><br \/>\n<em>delegatiebevoegdheid ondertekenen.<\/em><br \/>\n<em>\u2022 Opvolgen van de sociale wetgeving en relevante items van de rechtspositieregeling<\/em><\/p>\n<p><em>7. Projectmanagement:<\/em><br \/>\n<em>\u2022 Leiden van of participeren via stuurgroep\/werkgroep aan een aantal organisatiebrede projecten met toepassing van de principes van kwaliteitsvol en resultaatsgericht projectmanagement.<\/em><br \/>\n<em>\u2022 Leiden van een aantal diensteigen projecten en campagnes rond webontwikkelingen, persbeleid, marketing programma, interne communicatie, grafiek en huisstijl.<\/em><\/p>\n<h2><em>Profiel (Competenties)<\/em><\/h2>\n<p><em>De provincie Antwerpen staat garant voor een klantgerichte en correcte aanpak. In volle samenwerking met elkaar streven we naar een kwaliteitsvol resultaat en zoeken we voortdurend naar verandering met oog op verbetering.<\/em><\/p>\n<p><em>Een duidelijke visie en voldoende besluitvaardigheid stelt je in staat om het beleidsplan van de dienst op te maken, waarin je dankzij je netwerking en overtuigingskracht gezamenlijke doelstellingen van interne en externe partners opneemt.<\/em><br \/>\n<em>Je beschikt over een groot organisatietalent: je plant op lange termijn, houdt rekening met onvoorziene omstandigheden en communiceert regelmatig naar je hi\u00ebrarchie en je medewerkers.\u00a0<\/em><br \/>\n<em>Je stuurt, ontwikkelt en motiveert je medewerkers voortdurend, zodat zowel de groepdoelen als de individuele doelen behaald worden en het beleidsplan tijdig en correct wordt uitgevoerd.<\/em><\/p>\n<h2><em>Profiel (Kennis)<\/em><\/h2>\n<p><em>\u2022 Kennis van moderne informaticatoepassingen (Word, Excel, Powerpoint, internet, Outlook,\u2026)<\/em><br \/>\n<em>\u2022 Kennis van grafische en statistische software<\/em><br \/>\n<em>\u2022 Kennis van research- en enqu\u00eateringstechnieken<\/em><br \/>\n<em>\u2022 Kennis van webtechnologie en contentmanagement systemen<\/em><br \/>\n<em>\u2022 Kennis van project- en programmamanagement<\/em><br \/>\n<em>\u2022 Kennis van het medialandschap<\/em><br \/>\n<em>\u2022 Nieuwe kennis en inzichten kunnen ontwikkelen met betrekking tot communicatie-, marketing-, web- en mediatechnieken<\/em><\/p>\n<h2><em>Aanwervingsvoorwaarden<\/em><\/h2>\n<h3><em>Algemene aanwervingsvoorwaarden<\/em><\/h3>\n<ul>\n<li><em>burgerlijke en politieke rechten genieten;<\/em><\/li>\n<li><em>van onberispelijk gedrag zijn;<\/em><\/li>\n<li><em>kennis van het Nederlands is noodzakelijk (Een taalexamen dient te worden afgelegd door de kandidaten die niet in het bezit zijn van een Nederlandstalig getuigschrift.)<\/em><\/li>\n<li><em>lichamelijk geschikt zijn en een goede gezondheid genieten (medisch onderzoek van de aan te stellen kandidaat bij de geneeskundige dienst voor bepaalde onderworpen functies). Speciale normen voor kandidaten die als mindervalide zijn erkend.<\/em><\/li>\n<\/ul>\n<p><em>Aan deze voorwaarden dient voldaan te zijn bij uiterste inschrijvingsdatum.<\/em><\/p>\n<h2><em>Diploma- en ervaringsvereisten<\/em><\/h2>\n<p><em>Kandidaten dienen te beschikken over een masterdiploma.\u00a0<\/em><\/p>\n<p><em>Aangevuld met minimum 4 jaar relevante beroepservaring.<\/em><\/p>\n<p><em>Aan deze voorwaarden dient voldaan te zijn bij uiterste inschrijvingsdatum.<\/em><\/p>\n<h2><em>Loon<\/em><\/h2>\n<p><em>Salarisschaal A4a: 26.300 EUR \u2013 38.840 EUR.<\/em><\/p>\n<p><em>Ge\u00efndexeerd brutomaandsalaris met 4 jaar anci\u00ebnniteit : 3.826,65 EUR<\/em><\/p>\n<p><em>Na 9 jaar en gunstige evaluatie is volgende salarisschaal voorzien:\u00a0<\/em><br \/>\n<em>A4b: 33.150 EUR \u2013 40.100 EUR\u00a0<\/em><\/p>\n<p><em>Vorige openbare diensten worden gevalideerd. Priv\u00e9-diensten kunnen worden aangerekend, mits de opgedane ervaring in het verlengde ligt van de functieomschrijving.<\/em><\/p>\n<h2><em>Extralegale voordelen<\/em><\/h2>\n<h3><em>Extralegale voordelen<\/em><\/h3>\n<ul>\n<li><em>Gratis hospitalisatieverzekering met mogelijkheid gezinsleden aan voordelige voorwaarden aan te sluiten<\/em><\/li>\n<li><em>Maaltijdcheques van 7 Euro<\/em><\/li>\n<li><em>Gratis openbaar vervoer voor verplaatsing van en naar het werk.<\/em><\/li>\n<li><em>Fietsvergoeding<\/em><\/li>\n<li><em>35 dagen jaarlijkse vakantie<\/em><\/li>\n<li><em>Extra legaal pensioen voor contractuele functies<\/em><\/li>\n<li><em>Diverse opleidingsmogelijkheden<\/em><\/li>\n<li><em>Personeelskring met uitgebreide sociale, sportieve en familiale activiteiten<\/em><\/li>\n<li><em>Glijdende werkuren<\/em><\/li>\n<li><em>Mogelijkheid tot het leasen van een fiets aan voordelige voorwaarden.<\/em><\/li>\n<\/ul>\n<h2><em>Selectiedata<\/em><\/h2>\n<h3><em>Examendata<\/em><\/h3>\n<p><em>De selectie zal afgenomen worden op nog vast te stellen data.<\/em><\/p>\n<h2><em>Selectieprocedure<\/em><\/h2>\n<ul>\n<li><em>Thuisopdracht : Er wordt een infopakket en een opdracht, toegespitst op de vereiste competenties aan de kandidaten bezorgd. Deze opdracht dienen ze te komen toelichten aan de selectiejury.<\/em><\/li>\n<\/ul>\n<p><em>\u00a0<\/em><\/p>\n<ul>\n<li><em>Presentatie en (verkennend) competentiegericht interview : De presentatieopdracht wordt gevolgd door een interview. De selectiejury zal tijdens dit gesprek dieper ingaan op het curriculum vitae, de professionele ervaring, de motivatie, de verworven vaardigheden en de bagage van de kandidaat..<\/em><\/li>\n<\/ul>\n<p><em>De selectiejury gaat over tot een grondige beoordeling van de mondelinge proef.<\/em><\/p>\n<ul>\n<li><em>Eindselectie : Op basis van de opdracht en het interview stelt de selectiejury een eindrangschikking op. Deze eindrangschikking wordt gemotiveerd en onderbouwd op basis van de gestelde competenties. Op basis van de beoordeling van de jury worden de kandidaten bij de eindrangschikking ingedeeld in volgende pools : uiterst geschikt, zeer geschikt , geschikt en ongeschikt. De aanstellende overheid kiest enkel uit de pool \u2018uiterst geschikt. Indien er geen kandidaten in deze pool werden opgenomen, kiest de aanstellende overheid uit de pool \u2018zeer geschikt\u2019, eventueel uit de pool geschikt indien enkel in deze pool kandidaten zijn weerhouden..<\/em><\/li>\n<\/ul>\n<h2><em>Hoe solliciteren<\/em><\/h2>\n<p><em>Surf naar www.gedragendoortalent.provant.be. Selecteer je job en solliciteer online tot en met 2 juni 2013 (motivatiebrief en cv opladen in \u00e9\u00e9n document).<\/em><\/p>\n<p><em>Kandidaten die als Persoon met een Handicap erkend zijn bij de VDAB, dienen hiervan een bewijs voor te leggen.<\/em><\/p>\n<p><em>Voor meer inlichtingen over de aanwervingsprocedure kan je terecht bij mevrouw Inge Van Asten, diensthoofd Personeelsbewegingen (tel. 03\/240.54.18) of mail (inge.vanasten@admin.provant.be).<\/em><\/p>\n<p><em>Voor meer inlichtingen over de functie zelf kan je terecht bij de heer Peter Sommen, departementshoofd Mens, Communicatie en Organisatie (03240.54.17) of mail (peter.sommen@admin.provant.be).<\/em><\/p>\n<div><em><a href=\"http:\/\/www.provant.be\/jobsite\/vacatures\/bestuur\/departementen\/mens_communicatie_en\/1293_directeur_marketing_en_co.jsp?module=tcm:7-6391-4#\" target=\"_blank\" rel=\"noopener\">Solliciteer Online<\/a><\/em><\/div>\n","protected":false},"excerpt":{"rendered":"<p>&#46;&#46;&#46;<\/p>\n","protected":false},"author":25,"featured_media":0,"comment_status":"open","ping_status":"closed","sticky":false,"template":"","format":"standard","meta":{"footnotes":""},"categories":[2877],"tags":[3293,81,799],"class_list":["post-119579","post","type-post","status-publish","format-standard","hentry","category-opvallend-2","tag-antwerpen","tag-marketing","tag-vacature"],"_links":{"self":[{"href":"https:\/\/www.nieuws.marketing\/strategie_nieuws\/wp-json\/wp\/v2\/posts\/119579","targetHints":{"allow":["GET"]}}],"collection":[{"href":"https:\/\/www.nieuws.marketing\/strategie_nieuws\/wp-json\/wp\/v2\/posts"}],"about":[{"href":"https:\/\/www.nieuws.marketing\/strategie_nieuws\/wp-json\/wp\/v2\/types\/post"}],"author":[{"embeddable":true,"href":"https:\/\/www.nieuws.marketing\/strategie_nieuws\/wp-json\/wp\/v2\/users\/25"}],"replies":[{"embeddable":true,"href":"https:\/\/www.nieuws.marketing\/strategie_nieuws\/wp-json\/wp\/v2\/comments?post=119579"}],"version-history":[{"count":0,"href":"https:\/\/www.nieuws.marketing\/strategie_nieuws\/wp-json\/wp\/v2\/posts\/119579\/revisions"}],"wp:attachment":[{"href":"https:\/\/www.nieuws.marketing\/strategie_nieuws\/wp-json\/wp\/v2\/media?parent=119579"}],"wp:term":[{"taxonomy":"category","embeddable":true,"href":"https:\/\/www.nieuws.marketing\/strategie_nieuws\/wp-json\/wp\/v2\/categories?post=119579"},{"taxonomy":"post_tag","embeddable":true,"href":"https:\/\/www.nieuws.marketing\/strategie_nieuws\/wp-json\/wp\/v2\/tags?post=119579"}],"curies":[{"name":"wp","href":"https:\/\/api.w.org\/{rel}","templated":true}]}}